{"id":252,"date":"2023-08-06T10:23:00","date_gmt":"2023-08-06T10:23:00","guid":{"rendered":"https:\/\/blog.garage42.org\/g42\/blog\/?p=252"},"modified":"2024-02-17T13:30:39","modified_gmt":"2024-02-17T13:30:39","slug":"zu-besuch-bei-holz-gar","status":"publish","type":"post","link":"https:\/\/blog.garage42.org\/g42\/blog\/lieferkette\/zu-besuch-bei-holz-gar\/","title":{"rendered":"Zu Besuch bei Holz Gar"},"content":{"rendered":"\n<p><strong>Ein Ziel von Garage42 ist das Selberbauen von nachhaltigen M\u00f6beln<br>mit regionalen Rohstoffen. Klingt erst mal gut, aber wie realistisch ist eigentlich der Wunsch regionales Holz kaufen zu wollen? Wir machen den Praxistest und fragen mal bei Holz Gar &#8211; einem traditionellen S\u00e4gewerk im M\u00fcnchner S\u00fcden &#8211; ob sie uns regionales Holz verkaufen k\u00f6nnen.<\/strong><\/p>\n\n\n\n<figure class=\"wp-block-image size-full\"><img loading=\"lazy\" decoding=\"async\" width=\"1024\" height=\"768\" src=\"http:\/\/blog.garage42.org\/g42\/blog\/wp-content\/uploads\/2023\/08\/HolzGar_Fassade.jpg\" alt=\"Holz Gar Fassade\" class=\"wp-image-278\" srcset=\"https:\/\/blog.garage42.org\/g42\/blog\/wp-content\/uploads\/2023\/08\/HolzGar_Fassade.jpg 1024w, https:\/\/blog.garage42.org\/g42\/blog\/wp-content\/uploads\/2023\/08\/HolzGar_Fassade-300x225.jpg 300w, https:\/\/blog.garage42.org\/g42\/blog\/wp-content\/uploads\/2023\/08\/HolzGar_Fassade-768x576.jpg 768w\" sizes=\"auto, (max-width: 1024px) 100vw, 1024px\" \/><figcaption class=\"wp-element-caption\">Holz Gar in Egling bei M\u00fcnchen<\/figcaption><\/figure>\n\n\n\n<p>Heute begebe ich mich auf die Suche nach einem Holzlieferanten, der die Nachbarschafts-Werkst\u00e4tten in M\u00fcnchen mit regionalem Holz beliefern k\u00f6nnte. Dazu mache ich einen kurzen Ausflug in den sch\u00f6nen M\u00fcnchner S\u00fcden. So ein Ausflug lohnt sich eigentlich immer, aber heute ist eher kein Ausflugswetter: es herrscht tr\u00fcbes Nieselwetter als ich bei <a href=\"https:\/\/www.holz-gar.de\/\">Holz Gar<\/a> an der Aum\u00fchle s\u00fcdlich von Sch\u00e4ftlarn ankomme.  <\/p>\n\n\n\n<figure class=\"wp-block-image size-full\"><img loading=\"lazy\" decoding=\"async\" width=\"1024\" height=\"768\" src=\"http:\/\/blog.garage42.org\/g42\/blog\/wp-content\/uploads\/2023\/08\/HolzGar_Lagerplatz.jpg\" alt=\"Holz Gar Lagerplatz\" class=\"wp-image-256\" srcset=\"https:\/\/blog.garage42.org\/g42\/blog\/wp-content\/uploads\/2023\/08\/HolzGar_Lagerplatz.jpg 1024w, https:\/\/blog.garage42.org\/g42\/blog\/wp-content\/uploads\/2023\/08\/HolzGar_Lagerplatz-300x225.jpg 300w, https:\/\/blog.garage42.org\/g42\/blog\/wp-content\/uploads\/2023\/08\/HolzGar_Lagerplatz-768x576.jpg 768w\" sizes=\"auto, (max-width: 1024px) 100vw, 1024px\" \/><figcaption class=\"wp-element-caption\">Der Holz Lagerplatz bei Holz Gar<\/figcaption><\/figure>\n\n\n\n<p>Der riesige Lagerplatz des S\u00e4gewerks ist mir schon fr\u00fcher bei meinen Radtouren durch die Pupplinger Au aufgefallen. Dass man hier regionales Holz bekommen kann, habe ich aber erst k\u00fcrzlich bei einer Internet-Recherche herausgefunden.<\/p>\n\n\n\n<figure class=\"wp-block-image size-full\"><img loading=\"lazy\" decoding=\"async\" width=\"1024\" height=\"768\" src=\"http:\/\/blog.garage42.org\/g42\/blog\/wp-content\/uploads\/2023\/08\/HolzGar_Ausstellung.jpg\" alt=\"Holz Gar Verkaufsausstellung\" class=\"wp-image-254\" srcset=\"https:\/\/blog.garage42.org\/g42\/blog\/wp-content\/uploads\/2023\/08\/HolzGar_Ausstellung.jpg 1024w, https:\/\/blog.garage42.org\/g42\/blog\/wp-content\/uploads\/2023\/08\/HolzGar_Ausstellung-300x225.jpg 300w, https:\/\/blog.garage42.org\/g42\/blog\/wp-content\/uploads\/2023\/08\/HolzGar_Ausstellung-768x576.jpg 768w\" sizes=\"auto, (max-width: 1024px) 100vw, 1024px\" \/><figcaption class=\"wp-element-caption\">Die Verkaufsausstellung<\/figcaption><\/figure>\n\n\n\n<p>Ich schaue mich zuerst auf dem Gel\u00e4nde um, schlendere durch die attraktiv gemachte Verkaufsausstellung und sehe mir Holzbeispiele f\u00fcr Gartenz\u00e4une, Terrassenb\u00f6den und Gartenm\u00f6bel an.<\/p>\n\n\n\n<h2 class=\"wp-block-heading\">Regionales Holz<\/h2>\n\n\n\n<p>Am Empfang angekommen fragt mich ein junger Mitarbeiter, ob er mir weiterhelfen kann. Ich stelle mich kurz vor, und komme dann gleich zur Sache:<br>&#8222;<em>Kann ich hier regionales Holz bekommen? Ich denke dabei an Kanth\u00f6lzer und Bretter, aber auch an Plattenware.<\/em>&#8222;<\/p>\n\n\n\n<figure class=\"wp-block-image size-full\"><img loading=\"lazy\" decoding=\"async\" width=\"1024\" height=\"768\" src=\"http:\/\/blog.garage42.org\/g42\/blog\/wp-content\/uploads\/2023\/08\/HolzGar_Mitarbeiter.jpg\" alt=\"Holz Gar Empfang\" class=\"wp-image-257\" srcset=\"https:\/\/blog.garage42.org\/g42\/blog\/wp-content\/uploads\/2023\/08\/HolzGar_Mitarbeiter.jpg 1024w, https:\/\/blog.garage42.org\/g42\/blog\/wp-content\/uploads\/2023\/08\/HolzGar_Mitarbeiter-300x225.jpg 300w, https:\/\/blog.garage42.org\/g42\/blog\/wp-content\/uploads\/2023\/08\/HolzGar_Mitarbeiter-768x576.jpg 768w\" sizes=\"auto, (max-width: 1024px) 100vw, 1024px\" \/><figcaption class=\"wp-element-caption\">Freundliche Beratung am Empfang<\/figcaption><\/figure>\n\n\n\n<p>Kritische Fragen zur Lieferkette kommen in manchen Branchen ja nicht so gut an, aber hier bei Holz Gar bekomme ich eine prompte Antwort: ja klar ist hier auch regionales Holz zu bekommen.<\/p>\n\n\n\n<p>Ich bohre weiter nach, was man denn genau unter regional zu verstehen hat, und erfahre, dass das S\u00e4gewerk aus einem Umkreis von ca. 500 km mit Holz beliefert wird. Insbesondere Fichte und L\u00e4rche k\u00e4me dabei aus der n\u00e4heren Umgebung &#8211; ein h\u00e4ufiger Lieferant seien die Bayerischen Staatsforsten.<\/p>\n\n\n\n<p>Das klingt doch schon mal so wie man sich das w\u00fcnscht. Denkt man mal ein wenig \u00fcber die Definition von &#8222;regionalem Holz&#8220; nach, dann merkt man ohnehin, dass jeder seine eigene Definition von &#8222;regional&#8220; haben kann. Meine Definition deckt sich aber ganz gut mit der Definition bei Holz Gar &#8211; f\u00fcr mich ist regionales Holz gleichbedeutend mit &#8222;Holz aus Bayern&#8220;.<\/p>\n\n\n\n<p>Ich bohre nochmal wegen der Plattenware nach, die ja typischerweise nicht im S\u00e4gewerk hergestellt wird. Der Holz Gar Mitarbeiter best\u00e4tigt, dass es in Deutschland keine Lieferanten von Plattenware g\u00e4be, und dass man daher Platten z.B. aus Tschechien beziehe, wobei das Hauptaugenmerk auf Qualit\u00e4t liege.<\/p>\n\n\n\n<p>Und damit wird dann auch klar, dass sich bei Plattenware die Spur zum Ursprung des Holzes verliert &#8211; das Holz wird wohl irgendwo aus Osteuropa stammen. Das ist eine vorhersehbare und wenig \u00fcberraschende Erkenntnis. Mir schwant, dass die Mission &#8222;kaufe Plattenware aus regionalem Holz&#8220; ein eigenes, zeitaufwendiges Teilprojekt w\u00e4re &#8230; das ich vielleicht in der Zukunft irgendwann angehe, aber nicht jetzt.     <\/p>\n\n\n\n<h2 class=\"wp-block-heading\">Fazit<\/h2>\n\n\n\n<p>Nach meinem Besuch bei Holz Gar ziehe ich ein positives Fazit: sucht man im Raum M\u00fcnchen nach einem Lieferanten f\u00fcr regionales Vollholz, dann wird man hier f\u00fcndig. Gut fand ich die Offenheit und Transparenz was die Herkunft des Holzes angeht &#8211; so stellt man sich das als Kunde vor. <br><br>W\u00fcrde man zum Beispiel ein M\u00f6bel-Design w\u00e4hlen, das nur mit Kanth\u00f6lzern oder Brettern auskommt, dann k\u00f6nnte man guten Gewissens behaupten, dass das M\u00f6belst\u00fcck nur aus regionalen Rohstoffen besteht.<\/p>\n\n\n\n<p>Um die Klimabilanz noch komplett zu machen: Holz Gar liegt nahe Sch\u00e4ftlarn s\u00fcdlich von M\u00fcnchen. Der Baum ist also zun\u00e4chst nur wenige 100 km hierher gefahren, f\u00e4hrt dann in zers\u00e4gtem Zustand nur 20 km nach M\u00fcnchen weiter, wo dann aus dem Holz in der Nachbarschaftsgarage ein lokal produziertes M\u00f6belst\u00fcck entstehen kann.<\/p>\n\n\n\n<figure class=\"wp-block-image size-full\"><img loading=\"lazy\" decoding=\"async\" width=\"1024\" height=\"768\" src=\"http:\/\/blog.garage42.org\/g42\/blog\/wp-content\/uploads\/2023\/08\/HolzGar_Isar.jpg\" alt=\"Holz Gar direkt an der Isar\" class=\"wp-image-255\" srcset=\"https:\/\/blog.garage42.org\/g42\/blog\/wp-content\/uploads\/2023\/08\/HolzGar_Isar.jpg 1024w, https:\/\/blog.garage42.org\/g42\/blog\/wp-content\/uploads\/2023\/08\/HolzGar_Isar-300x225.jpg 300w, https:\/\/blog.garage42.org\/g42\/blog\/wp-content\/uploads\/2023\/08\/HolzGar_Isar-768x576.jpg 768w\" sizes=\"auto, (max-width: 1024px) 100vw, 1024px\" \/><figcaption class=\"wp-element-caption\">Holz Gar liegt direkt an der Isar<\/figcaption><\/figure>\n\n\n\n<p>Ach ja: wer die letzten 20 km Transportweg total klimaneutral haben will, der k\u00f6nnte sein Holz auch im &#8222;Fl\u00f6\u00dfer-Style&#8220; ganz ohne Sprit und auf der Isar schwimmend nach M\u00fcnchen bringen, denn die Isar flie\u00dft gleich nebenan \ud83d\ude42<\/p>\n","protected":false},"excerpt":{"rendered":"<p>Ein Ziel von Garage42 ist das Selberbauen von nachhaltigen M\u00f6belnmit regionalen Rohstoffen. Klingt erst mal gut, aber wie realistisch ist eigentlich der Wunsch regionales Holz kaufen zu wollen? Wir machen den Praxistest und fragen mal bei Holz Gar &#8211; einem traditionellen S\u00e4gewerk im M\u00fcnchner S\u00fcden &#8211; ob sie uns regionales Holz verkaufen k\u00f6nnen. Heute begebe &hellip; <a href=\"https:\/\/blog.garage42.org\/g42\/blog\/lieferkette\/zu-besuch-bei-holz-gar\/\" class=\"more-link\"><span class=\"screen-reader-text\">Zu Besuch bei Holz Gar<\/span> weiterlesen<\/a><\/p>\n","protected":false},"author":1,"featured_media":0,"comment_status":"closed","ping_status":"open","sticky":false,"template":"","format":"standard","meta":{"footnotes":""},"categories":[14],"tags":[],"class_list":["post-252","post","type-post","status-publish","format-standard","hentry","category-lieferkette"],"_links":{"self":[{"href":"https:\/\/blog.garage42.org\/g42\/blog\/wp-json\/wp\/v2\/posts\/252","targetHints":{"allow":["GET"]}}],"collection":[{"href":"https:\/\/blog.garage42.org\/g42\/blog\/wp-json\/wp\/v2\/posts"}],"about":[{"href":"https:\/\/blog.garage42.org\/g42\/blog\/wp-json\/wp\/v2\/types\/post"}],"author":[{"embeddable":true,"href":"https:\/\/blog.garage42.org\/g42\/blog\/wp-json\/wp\/v2\/users\/1"}],"replies":[{"embeddable":true,"href":"https:\/\/blog.garage42.org\/g42\/blog\/wp-json\/wp\/v2\/comments?post=252"}],"version-history":[{"count":9,"href":"https:\/\/blog.garage42.org\/g42\/blog\/wp-json\/wp\/v2\/posts\/252\/revisions"}],"predecessor-version":[{"id":280,"href":"https:\/\/blog.garage42.org\/g42\/blog\/wp-json\/wp\/v2\/posts\/252\/revisions\/280"}],"wp:attachment":[{"href":"https:\/\/blog.garage42.org\/g42\/blog\/wp-json\/wp\/v2\/media?parent=252"}],"wp:term":[{"taxonomy":"category","embeddable":true,"href":"https:\/\/blog.garage42.org\/g42\/blog\/wp-json\/wp\/v2\/categories?post=252"},{"taxonomy":"post_tag","embeddable":true,"href":"https:\/\/blog.garage42.org\/g42\/blog\/wp-json\/wp\/v2\/tags?post=252"}],"curies":[{"name":"wp","href":"https:\/\/api.w.org\/{rel}","templated":true}]}}