{"id":282,"date":"2023-08-14T07:43:03","date_gmt":"2023-08-14T07:43:03","guid":{"rendered":"https:\/\/blog.garage42.org\/g42\/blog\/?p=282"},"modified":"2023-08-15T09:09:38","modified_gmt":"2023-08-15T09:09:38","slug":"zu-besuch-in-der-machbar-im-wuermtal","status":"publish","type":"post","link":"https:\/\/blog.garage42.org\/g42\/blog\/werkstatt\/zu-besuch-in-der-machbar-im-wuermtal\/","title":{"rendered":"Zu Besuch in der machBar im W\u00fcrmtal"},"content":{"rendered":"\n<p><strong>Seit Ende Juli 2023 gibt es eine neue Offene Werkstatt im M\u00fcnchner Westen: die machBar. Das Konzept und das Angebot der machBar lasen sich auf der Webpage sehr interessant &#8211; Grund genug um dem machBar Team einen Besuch abzustatten!<\/strong><\/p>\n\n\n\n<figure class=\"wp-block-image size-full\"><img loading=\"lazy\" decoding=\"async\" width=\"1024\" height=\"768\" src=\"http:\/\/blog.garage42.org\/g42\/blog\/wp-content\/uploads\/2023\/08\/machBar_Schild.jpg\" alt=\"Schild machBar\" class=\"wp-image-292\" srcset=\"https:\/\/blog.garage42.org\/g42\/blog\/wp-content\/uploads\/2023\/08\/machBar_Schild.jpg 1024w, https:\/\/blog.garage42.org\/g42\/blog\/wp-content\/uploads\/2023\/08\/machBar_Schild-300x225.jpg 300w, https:\/\/blog.garage42.org\/g42\/blog\/wp-content\/uploads\/2023\/08\/machBar_Schild-768x576.jpg 768w\" sizes=\"auto, (max-width: 1024px) 100vw, 1024px\" \/><figcaption class=\"wp-element-caption\">machBar in der Alten Brauakademie<\/figcaption><\/figure>\n\n\n\n<p>Meine Anreise zur <a rel=\"noreferrer noopener\" href=\"https:\/\/machbar-im-wuermtal.de\/\" target=\"_blank\">machBar<\/a> ist nicht lang. Ich verlasse die S-Bahn an der Haltestelle Gr\u00e4felfing &#8211; ein Ort, an den man als Innenstadt-M\u00fcnchner nicht so oft kommt. Ich marschiere einige Minuten durch den Ort und bin schnell an der Stefanusstra\u00dfe angelangt.<\/p>\n\n\n\n<p><br>\u00dcber eine Treppe im Hinterhof geht es hinunter zu den Werkstattr\u00e4umen der machBar.<\/p>\n\n\n\n<figure class=\"wp-block-image size-full\"><img loading=\"lazy\" decoding=\"async\" width=\"1024\" height=\"768\" src=\"http:\/\/blog.garage42.org\/g42\/blog\/wp-content\/uploads\/2023\/08\/machBar_Treppe.jpg\" alt=\"machBar Eingang\" class=\"wp-image-288\" srcset=\"https:\/\/blog.garage42.org\/g42\/blog\/wp-content\/uploads\/2023\/08\/machBar_Treppe.jpg 1024w, https:\/\/blog.garage42.org\/g42\/blog\/wp-content\/uploads\/2023\/08\/machBar_Treppe-300x225.jpg 300w, https:\/\/blog.garage42.org\/g42\/blog\/wp-content\/uploads\/2023\/08\/machBar_Treppe-768x576.jpg 768w\" sizes=\"auto, (max-width: 1024px) 100vw, 1024px\" \/><figcaption class=\"wp-element-caption\">Treppe zum machBar Eingang<\/figcaption><\/figure>\n\n\n\n<p>Ich werde schon erwartet von Torsten, der einer der Vorst\u00e4nde der machBar ist. Trotz Urlaubszeit haben sich auch viele Mitglieder zum machBar-Stammtisch eingefunden.<\/p>\n\n\n\n<p>Wir stellen uns einander vor, und dann geht es mit einer kleinen Tour durch die Werkstattr\u00e4ume los. Torsten zeigt mir die einzelnen Werkst\u00e4tten und erz\u00e4hlt mir \u00fcber die Aktivit\u00e4ten der letzten Jahre.<\/p>\n\n\n\n<figure class=\"wp-block-image size-full\"><img loading=\"lazy\" decoding=\"async\" width=\"1024\" height=\"768\" src=\"http:\/\/blog.garage42.org\/g42\/blog\/wp-content\/uploads\/2023\/08\/machBar_Holzwerkstatt.jpg\" alt=\"machBar Holzwerkstatt\" class=\"wp-image-285\" srcset=\"https:\/\/blog.garage42.org\/g42\/blog\/wp-content\/uploads\/2023\/08\/machBar_Holzwerkstatt.jpg 1024w, https:\/\/blog.garage42.org\/g42\/blog\/wp-content\/uploads\/2023\/08\/machBar_Holzwerkstatt-300x225.jpg 300w, https:\/\/blog.garage42.org\/g42\/blog\/wp-content\/uploads\/2023\/08\/machBar_Holzwerkstatt-768x576.jpg 768w\" sizes=\"auto, (max-width: 1024px) 100vw, 1024px\" \/><figcaption class=\"wp-element-caption\">machBar Holzwerkstatt<\/figcaption><\/figure>\n\n\n\n<p>Ich erfahre, dass die Raumsuche eine der gr\u00f6\u00dften Herausforderungen war, gefolgt von der Frage der Finanzierung mit F\u00f6rdermitteln.<\/p>\n\n\n\n<figure class=\"wp-block-image size-full\"><img loading=\"lazy\" decoding=\"async\" width=\"1024\" height=\"768\" src=\"http:\/\/blog.garage42.org\/g42\/blog\/wp-content\/uploads\/2023\/08\/machBar_Metallwerkstatt.jpg\" alt=\"machBar Metallwerkstatt\" class=\"wp-image-286\" srcset=\"https:\/\/blog.garage42.org\/g42\/blog\/wp-content\/uploads\/2023\/08\/machBar_Metallwerkstatt.jpg 1024w, https:\/\/blog.garage42.org\/g42\/blog\/wp-content\/uploads\/2023\/08\/machBar_Metallwerkstatt-300x225.jpg 300w, https:\/\/blog.garage42.org\/g42\/blog\/wp-content\/uploads\/2023\/08\/machBar_Metallwerkstatt-768x576.jpg 768w\" sizes=\"auto, (max-width: 1024px) 100vw, 1024px\" \/><figcaption class=\"wp-element-caption\">machBar Metallwerkstatt<\/figcaption><\/figure>\n\n\n\n<p>Aber offenbar ist es dem machBar Team gelungen all diese Herausforderungen zu meistern &#8211; schlie\u00dflich gibt es jetzt gro\u00dfz\u00fcgige R\u00e4umlichkeiten und eine reichhaltige Ausstattung mit Maschinen und Werkzeugen.<\/p>\n\n\n\n<figure class=\"wp-block-image size-full\"><img loading=\"lazy\" decoding=\"async\" width=\"1024\" height=\"768\" src=\"http:\/\/blog.garage42.org\/g42\/blog\/wp-content\/uploads\/2023\/08\/machBar_Hauptraum.jpg\" alt=\"machBar Hauptraum\" class=\"wp-image-284\" srcset=\"https:\/\/blog.garage42.org\/g42\/blog\/wp-content\/uploads\/2023\/08\/machBar_Hauptraum.jpg 1024w, https:\/\/blog.garage42.org\/g42\/blog\/wp-content\/uploads\/2023\/08\/machBar_Hauptraum-300x225.jpg 300w, https:\/\/blog.garage42.org\/g42\/blog\/wp-content\/uploads\/2023\/08\/machBar_Hauptraum-768x576.jpg 768w\" sizes=\"auto, (max-width: 1024px) 100vw, 1024px\" \/><figcaption class=\"wp-element-caption\">machBar Hauptraum<\/figcaption><\/figure>\n\n\n\n<p>Nach unserer Werkstatt-Tour gibt es eine \u00dcberraschung: Mitglied Johannes hat eine Shaper Origin mitgebracht und gibt eine Einf\u00fchrung in die Handhabung und die M\u00f6glichkeiten der Fr\u00e4se.<\/p>\n\n\n\n<p>Was f\u00fcr ein Zufall &#8211; meine Mission ist die Suche nach anderen Makern, die sich mit dem Fr\u00e4sen von M\u00f6beln befassen wollen, und dann finde ich hier in der machBar bereits aktive Fr\u00e4s-Enthusiasten!<\/p>\n\n\n\n<p>Nach der Fr\u00e4s-Vorf\u00fchrung tauschen wir uns noch eine ganze Weile \u00fcber Workshop-Formate und \u00d6ffentlichkeitsarbeit aus. Am Ende kommen wir zu einem wichtigen Thema: wie k\u00f6nnte eine Zusammenarbeit der machBar mit dem Projekt Garage42 aussehen? Haben wir Ber\u00fchrungspunkte? Wo k\u00f6nnten wir uns erg\u00e4nzen?<\/p>\n\n\n\n<figure class=\"wp-block-image size-full\"><img loading=\"lazy\" decoding=\"async\" width=\"1024\" height=\"768\" src=\"http:\/\/blog.garage42.org\/g42\/blog\/wp-content\/uploads\/2023\/08\/machBar_TorstenJohannes.jpg\" alt=\"machBar Mitglieder\" class=\"wp-image-287\" srcset=\"https:\/\/blog.garage42.org\/g42\/blog\/wp-content\/uploads\/2023\/08\/machBar_TorstenJohannes.jpg 1024w, https:\/\/blog.garage42.org\/g42\/blog\/wp-content\/uploads\/2023\/08\/machBar_TorstenJohannes-300x225.jpg 300w, https:\/\/blog.garage42.org\/g42\/blog\/wp-content\/uploads\/2023\/08\/machBar_TorstenJohannes-768x576.jpg 768w\" sizes=\"auto, (max-width: 1024px) 100vw, 1024px\" \/><figcaption class=\"wp-element-caption\">Torsten, Johannes und eine Shaper Origin<\/figcaption><\/figure>\n\n\n\n<p>Nach einigen unterhaltsamen Stunden verabschieden wir uns, und beschlie\u00dfen, dass wir sicherlich in Kontakt bleiben und bald wieder voneinander h\u00f6ren werden. Mein Fazit: es war ein lohnender Besuch, und ich habe wieder einige nette Maker aus dem Gro\u00dfraum M\u00fcnchen kennengelernt.<\/p>\n","protected":false},"excerpt":{"rendered":"<p>Seit Ende Juli 2023 gibt es eine neue Offene Werkstatt im M\u00fcnchner Westen: die machBar. Das Konzept und das Angebot der machBar lasen sich auf der Webpage sehr interessant &#8211; Grund genug um dem machBar Team einen Besuch abzustatten! Meine Anreise zur machBar ist nicht lang. Ich verlasse die S-Bahn an der Haltestelle Gr\u00e4felfing &#8211; &hellip; <a href=\"https:\/\/blog.garage42.org\/g42\/blog\/werkstatt\/zu-besuch-in-der-machbar-im-wuermtal\/\" class=\"more-link\"><span class=\"screen-reader-text\">Zu Besuch in der machBar im W\u00fcrmtal<\/span> weiterlesen<\/a><\/p>\n","protected":false},"author":1,"featured_media":0,"comment_status":"closed","ping_status":"open","sticky":false,"template":"","format":"standard","meta":{"footnotes":""},"categories":[10,12,9],"tags":[],"class_list":["post-282","post","type-post","status-publish","format-standard","hentry","category-community","category-netzwerk","category-werkstatt"],"_links":{"self":[{"href":"https:\/\/blog.garage42.org\/g42\/blog\/wp-json\/wp\/v2\/posts\/282","targetHints":{"allow":["GET"]}}],"collection":[{"href":"https:\/\/blog.garage42.org\/g42\/blog\/wp-json\/wp\/v2\/posts"}],"about":[{"href":"https:\/\/blog.garage42.org\/g42\/blog\/wp-json\/wp\/v2\/types\/post"}],"author":[{"embeddable":true,"href":"https:\/\/blog.garage42.org\/g42\/blog\/wp-json\/wp\/v2\/users\/1"}],"replies":[{"embeddable":true,"href":"https:\/\/blog.garage42.org\/g42\/blog\/wp-json\/wp\/v2\/comments?post=282"}],"version-history":[{"count":4,"href":"https:\/\/blog.garage42.org\/g42\/blog\/wp-json\/wp\/v2\/posts\/282\/revisions"}],"predecessor-version":[{"id":294,"href":"https:\/\/blog.garage42.org\/g42\/blog\/wp-json\/wp\/v2\/posts\/282\/revisions\/294"}],"wp:attachment":[{"href":"https:\/\/blog.garage42.org\/g42\/blog\/wp-json\/wp\/v2\/media?parent=282"}],"wp:term":[{"taxonomy":"category","embeddable":true,"href":"https:\/\/blog.garage42.org\/g42\/blog\/wp-json\/wp\/v2\/categories?post=282"},{"taxonomy":"post_tag","embeddable":true,"href":"https:\/\/blog.garage42.org\/g42\/blog\/wp-json\/wp\/v2\/tags?post=282"}],"curies":[{"name":"wp","href":"https:\/\/api.w.org\/{rel}","templated":true}]}}